{"id":8999,"date":"2023-03-09T12:29:07","date_gmt":"2023-03-09T11:29:07","guid":{"rendered":"https:\/\/kspnazaret.pl\/?p=8999"},"modified":"2023-03-09T12:29:55","modified_gmt":"2023-03-09T11:29:55","slug":"niezlomni-i-nieugieci","status":"publish","type":"post","link":"https:\/\/kspnazaret.pl\/?p=8999","title":{"rendered":"Niez\u0142omni i nieugi\u0119ci"},"content":{"rendered":"<p>[vc_row][vc_column][vc_column_text]<\/p>\n<p><img decoding=\"async\" class=\"wp-image-9001 aligncenter\" style=\"width: 434px;\" src=\"https:\/\/kspnazaret.pl\/wp-content\/uploads\/2023\/03\/images.jpg\" alt=\"\" height=\"191\" srcset=\"https:\/\/kspnazaret.pl\/wp-content\/uploads\/2023\/03\/images.jpg 339w, https:\/\/kspnazaret.pl\/wp-content\/uploads\/2023\/03\/images-300x132.jpg 300w\" sizes=\"(max-width: 339px) 100vw, 339px\" \/><\/p>\n<p>W dniu 01.03.2023r. uczniowie wchodz\u0105cy w sk\u0142ad pocztu sztandarowego naszej szko\u0142y wzi\u0119li udzia\u0142 w wojew\u00f3dzkich uroczysto\u015bciach po\u015bwi\u0119conych uczczeniu \u017bo\u0142nierzy Wykl\u0119tych. G\u0142\u00f3wne uroczysto\u015bci odby\u0142y si\u0119 na Skwerze Stefana \u017beromskiego przy Pomniku Armii Krajowej w Kielcach. Apel Pami\u0119ci poprzedzi\u0142a uroczysta Msza \u015awi\u0119ta w Bazylice Katedralnej, kt\u00f3r\u0105 odprawi\u0142 Biskup Kielecki Jan Piotrowski.<\/p>\n\n<p>&nbsp;<\/p>\n<p>[\/vc_column_text][\/vc_column][\/vc_row]<\/p>\n","protected":false},"excerpt":{"rendered":"<p>[vc_row][vc_column][vc_column_text] W dniu 01.03.2023r. uczniowie wchodz\u0105cy w sk\u0142ad pocztu sztandarowego naszej szko\u0142y wzi\u0119li udzia\u0142 w wojew\u00f3dzkich uroczysto\u015bciach po\u015bwi\u0119conych uczczeniu \u017bo\u0142nierzy Wykl\u0119tych. G\u0142\u00f3wne uroczysto\u015bci odby\u0142y si\u0119 na Skwerze Stefana \u017beromskiego przy Pomniku Armii Krajowej w Kielcach. Apel Pami\u0119ci poprzedzi\u0142a uroczysta Msza \u015awi\u0119ta w Bazylice Katedralnej, kt\u00f3r\u0105 odprawi\u0142 Biskup Kielecki Jan Piotrowski. &nbsp; [\/vc_column_text][\/vc_column][\/vc_row]<\/p>\n","protected":false},"author":2,"featured_media":9000,"comment_status":"closed","ping_status":"closed","sticky":false,"template":"","format":"standard","meta":{"footnotes":""},"categories":[1],"tags":[],"class_list":["post-8999","post","type-post","status-publish","format-standard","has-post-thumbnail","hentry","category-bez-kategorii"],"_links":{"self":[{"href":"https:\/\/kspnazaret.pl\/index.php?rest_route=\/wp\/v2\/posts\/8999","targetHints":{"allow":["GET"]}}],"collection":[{"href":"https:\/\/kspnazaret.pl\/index.php?rest_route=\/wp\/v2\/posts"}],"about":[{"href":"https:\/\/kspnazaret.pl\/index.php?rest_route=\/wp\/v2\/types\/post"}],"author":[{"embeddable":true,"href":"https:\/\/kspnazaret.pl\/index.php?rest_route=\/wp\/v2\/users\/2"}],"replies":[{"embeddable":true,"href":"https:\/\/kspnazaret.pl\/index.php?rest_route=%2Fwp%2Fv2%2Fcomments&post=8999"}],"version-history":[{"count":2,"href":"https:\/\/kspnazaret.pl\/index.php?rest_route=\/wp\/v2\/posts\/8999\/revisions"}],"predecessor-version":[{"id":9003,"href":"https:\/\/kspnazaret.pl\/index.php?rest_route=\/wp\/v2\/posts\/8999\/revisions\/9003"}],"wp:featuredmedia":[{"embeddable":true,"href":"https:\/\/kspnazaret.pl\/index.php?rest_route=\/wp\/v2\/media\/9000"}],"wp:attachment":[{"href":"https:\/\/kspnazaret.pl\/index.php?rest_route=%2Fwp%2Fv2%2Fmedia&parent=8999"}],"wp:term":[{"taxonomy":"category","embeddable":true,"href":"https:\/\/kspnazaret.pl\/index.php?rest_route=%2Fwp%2Fv2%2Fcategories&post=8999"},{"taxonomy":"post_tag","embeddable":true,"href":"https:\/\/kspnazaret.pl\/index.php?rest_route=%2Fwp%2Fv2%2Ftags&post=8999"}],"curies":[{"name":"wp","href":"https:\/\/api.w.org\/{rel}","templated":true}]}}