{"id":8691,"date":"2023-02-15T14:02:25","date_gmt":"2023-02-15T13:02:25","guid":{"rendered":"https:\/\/kspnazaret.pl\/?p=8691"},"modified":"2023-02-16T20:54:29","modified_gmt":"2023-02-16T19:54:29","slug":"trzymamy-kciuki","status":"publish","type":"post","link":"https:\/\/kspnazaret.pl\/?p=8691","title":{"rendered":"Trzymamy kciuki:)"},"content":{"rendered":"<p>[vc_row][vc_column][vc_column_text]<\/p>\r\n<p><img decoding=\"async\" class=\"wp-image-8694 alignleft\" style=\"width: 297px;\" src=\"https:\/\/kspnazaret.pl\/wp-content\/uploads\/2023\/02\/images-2.jpg\" alt=\"\" height=\"198\" \/><\/p>\r\n<p>&nbsp;<\/p>\r\n<p><strong>GRATULUJEMY<\/strong>!<\/p>\r\n<p>Informujemy z rado\u015bci\u0105, \u017ce grupa uczni\u00f3w z naszej szko\u0142y przesz\u0142a do trzeciego etapu wojew\u00f3dzkich konkurs\u00f3w przedmiotowych. Oto oni:<\/p>\r\n<p>\u00a0<\/p>\r\n<p><span style=\"color: #0000ff;\"><strong>z J\u0119zyka Niemieckiego<em> &#8211; Rados\u0142aw S. z klasy 8a<br \/><\/em>\u00a0z Matematyki<a style=\"color: #0000ff;\"><em> &#8211; Paulina B., Aleksander K. i Emilia W. z klasy 8a oraz Karina M-Ch.<\/em><\/a><em> z klasy 8b<br \/><\/em>z Geografii<em> &#8211; Zuzanna B. z klasy 7<br \/><\/em>z J\u0119zyka\u00a0Angielskiego<em> \u00a0&#8211; Oliwier O. z klasy 8a, Zofia Sz. z klasy 8b i Hanna W. z klasy 7<br \/><\/em>z Chemii<em> &#8211; Gabriela S., Emilia W. z klasy 8a, Marcelina \u015a. z klasy 8b<br \/><\/em>z Historii<em> &#8211; Joanna A., Aleksander K. z klasy 8a oraz Oskar P., Mi\u0142osz J. z klasy 8b<\/em><\/strong><\/span><\/p>\r\n\r\n<p><strong>Ju\u017c gratulujemy, cieszymy si\u0119\u00a0 i \u017cyczymy dalszych sukces\u00f3w, czyli tytu\u0142u LAUREATA! \ud83d\ude42 :):)<\/strong><\/p>\r\n\r\n<p>&nbsp;<\/p>\r\n<p>[\/vc_column_text][\/vc_column][\/vc_row]<\/p>","protected":false},"excerpt":{"rendered":"<p>[vc_row][vc_column][vc_column_text] &nbsp; GRATULUJEMY! Informujemy z rado\u015bci\u0105, \u017ce grupa uczni\u00f3w z naszej szko\u0142y przesz\u0142a do trzeciego etapu wojew\u00f3dzkich konkurs\u00f3w przedmiotowych. Oto oni: \u00a0 z J\u0119zyka Niemieckiego &#8211; Rados\u0142aw S. z klasy 8a\u00a0z Matematyki &#8211; Paulina B., Aleksander K. i Emilia W. z klasy 8a oraz Karina M-Ch. z klasy 8bz Geografii &#8211; Zuzanna B. z klasy [&hellip;]<\/p>\n","protected":false},"author":2,"featured_media":8695,"comment_status":"closed","ping_status":"closed","sticky":false,"template":"","format":"standard","meta":{"footnotes":""},"categories":[1],"tags":[],"class_list":["post-8691","post","type-post","status-publish","format-standard","has-post-thumbnail","hentry","category-bez-kategorii"],"_links":{"self":[{"href":"https:\/\/kspnazaret.pl\/index.php?rest_route=\/wp\/v2\/posts\/8691","targetHints":{"allow":["GET"]}}],"collection":[{"href":"https:\/\/kspnazaret.pl\/index.php?rest_route=\/wp\/v2\/posts"}],"about":[{"href":"https:\/\/kspnazaret.pl\/index.php?rest_route=\/wp\/v2\/types\/post"}],"author":[{"embeddable":true,"href":"https:\/\/kspnazaret.pl\/index.php?rest_route=\/wp\/v2\/users\/2"}],"replies":[{"embeddable":true,"href":"https:\/\/kspnazaret.pl\/index.php?rest_route=%2Fwp%2Fv2%2Fcomments&post=8691"}],"version-history":[{"count":6,"href":"https:\/\/kspnazaret.pl\/index.php?rest_route=\/wp\/v2\/posts\/8691\/revisions"}],"predecessor-version":[{"id":8701,"href":"https:\/\/kspnazaret.pl\/index.php?rest_route=\/wp\/v2\/posts\/8691\/revisions\/8701"}],"wp:featuredmedia":[{"embeddable":true,"href":"https:\/\/kspnazaret.pl\/index.php?rest_route=\/wp\/v2\/media\/8695"}],"wp:attachment":[{"href":"https:\/\/kspnazaret.pl\/index.php?rest_route=%2Fwp%2Fv2%2Fmedia&parent=8691"}],"wp:term":[{"taxonomy":"category","embeddable":true,"href":"https:\/\/kspnazaret.pl\/index.php?rest_route=%2Fwp%2Fv2%2Fcategories&post=8691"},{"taxonomy":"post_tag","embeddable":true,"href":"https:\/\/kspnazaret.pl\/index.php?rest_route=%2Fwp%2Fv2%2Ftags&post=8691"}],"curies":[{"name":"wp","href":"https:\/\/api.w.org\/{rel}","templated":true}]}}