{"id":7434,"date":"2021-10-17T20:30:57","date_gmt":"2021-10-17T18:30:57","guid":{"rendered":"https:\/\/www.kspnazaret.pl\/?p=7434"},"modified":"2021-10-18T20:46:23","modified_gmt":"2021-10-18T18:46:23","slug":"posadzilismy-pola-nadziei","status":"publish","type":"post","link":"https:\/\/kspnazaret.pl\/?p=7434","title":{"rendered":"Dobro dzielone"},"content":{"rendered":"<p>[vc_row][vc_column][vc_column_text]<\/p>\n<p><img decoding=\"async\" class=\"wp-image-7440 aligncenter\" style=\"width: 388px;\" src=\"https:\/\/www.kspnazaret.pl\/wp-content\/uploads\/2021\/10\/8-Copy-scaled.jpg\" alt=\"\" height=\"257\" srcset=\"https:\/\/kspnazaret.pl\/wp-content\/uploads\/2021\/10\/8-Copy-scaled.jpg 2560w, https:\/\/kspnazaret.pl\/wp-content\/uploads\/2021\/10\/8-Copy-300x199.jpg 300w, https:\/\/kspnazaret.pl\/wp-content\/uploads\/2021\/10\/8-Copy-1024x678.jpg 1024w, https:\/\/kspnazaret.pl\/wp-content\/uploads\/2021\/10\/8-Copy-768x509.jpg 768w, https:\/\/kspnazaret.pl\/wp-content\/uploads\/2021\/10\/8-Copy-1536x1017.jpg 1536w, https:\/\/kspnazaret.pl\/wp-content\/uploads\/2021\/10\/8-Copy-2048x1357.jpg 2048w\" sizes=\"(max-width: 2560px) 100vw, 2560px\" \/><\/p>\n<p>W dniu 10 pa\u017adziernika na ca\u0142ym \u015bwiecie obchodzony jest Dzie\u0144 Hospicj\u00f3w i Opieki Paliatywnej. Z tej okazji nasi uczniowie zaanga\u017cowali si\u0119 w dzia\u0142anie maj\u0105ce na celu promocj\u0119 idei hospicyjnej. We wtorkowe po\u0142udnie, 12 pa\u017adziernika cz\u0142onkowie szkolnego wolontariatu wzi\u0119li w r\u0119ce \u0142opatki, taczki i grabki i przygotowali plac pod posadzenie cebulek \u017conkili. Praca wcale nie by\u0142a taka \u0142atwa, ale pomimo r\u00f3\u017cnych trudno\u015bci wszystko si\u0119 uda\u0142o.\u00a0Kilkunastu wolontariuszy wraz z nauczycielami posadzi\u0142o nasze szkolne &#8222;Pole Nadziei&#8221;. Uczestnicy akcji dowiedzieli si\u0119, \u017ce symbolem akcji jest \u017conkil, poniewa\u017c cebulka wsadzona\u00a0jesieni\u0105 do ziemi, musi zim\u0105 obumrze\u0107, by na wiosn\u0119 wyrosn\u0105\u0107 i pi\u0119knie zakwitn\u0105\u0107. Nawi\u0105zuje to do przej\u015bcia hospicyjnego. Fina\u0142 akcji &#8222;Pola Nadziei&#8221; odb\u0119dzie si\u0119 na wiosn\u0119, gdy wyro\u015bni\u0119te kwiaty, zostan\u0105 \u015bci\u0119te i u\u017cyte jako cegie\u0142ki w trakcie zbi\u00f3rki funduszy na cele hospicyjne. Wesprzemy w ten spos\u00f3b funkcjonowanie Hospicjum Caritas im. \u015bw. Matki Teresy z Kalkuty w Kielcach. Dzi\u0119kujemy wszystkim zaanga\u017cowanym w sadzenie \u017conkili.<\/p>\n\n<p><em>Opiekunowie Szkolnego Wolontariatu<\/em><\/p>\n\n<p>&nbsp;<\/p>\n<p>[\/vc_column_text][\/vc_column][\/vc_row]<\/p>\n","protected":false},"excerpt":{"rendered":"<p>[vc_row][vc_column][vc_column_text] W dniu 10 pa\u017adziernika na ca\u0142ym \u015bwiecie obchodzony jest Dzie\u0144 Hospicj\u00f3w i Opieki Paliatywnej. Z tej okazji nasi uczniowie zaanga\u017cowali si\u0119 w dzia\u0142anie maj\u0105ce na celu promocj\u0119 idei hospicyjnej. We wtorkowe po\u0142udnie, 12 pa\u017adziernika cz\u0142onkowie szkolnego wolontariatu wzi\u0119li w r\u0119ce \u0142opatki, taczki i grabki i przygotowali plac pod posadzenie cebulek \u017conkili. Praca wcale nie [&hellip;]<\/p>\n","protected":false},"author":2,"featured_media":7439,"comment_status":"closed","ping_status":"closed","sticky":false,"template":"","format":"standard","meta":{"footnotes":""},"categories":[1],"tags":[],"class_list":["post-7434","post","type-post","status-publish","format-standard","has-post-thumbnail","hentry","category-bez-kategorii"],"_links":{"self":[{"href":"https:\/\/kspnazaret.pl\/index.php?rest_route=\/wp\/v2\/posts\/7434","targetHints":{"allow":["GET"]}}],"collection":[{"href":"https:\/\/kspnazaret.pl\/index.php?rest_route=\/wp\/v2\/posts"}],"about":[{"href":"https:\/\/kspnazaret.pl\/index.php?rest_route=\/wp\/v2\/types\/post"}],"author":[{"embeddable":true,"href":"https:\/\/kspnazaret.pl\/index.php?rest_route=\/wp\/v2\/users\/2"}],"replies":[{"embeddable":true,"href":"https:\/\/kspnazaret.pl\/index.php?rest_route=%2Fwp%2Fv2%2Fcomments&post=7434"}],"version-history":[{"count":5,"href":"https:\/\/kspnazaret.pl\/index.php?rest_route=\/wp\/v2\/posts\/7434\/revisions"}],"predecessor-version":[{"id":7445,"href":"https:\/\/kspnazaret.pl\/index.php?rest_route=\/wp\/v2\/posts\/7434\/revisions\/7445"}],"wp:featuredmedia":[{"embeddable":true,"href":"https:\/\/kspnazaret.pl\/index.php?rest_route=\/wp\/v2\/media\/7439"}],"wp:attachment":[{"href":"https:\/\/kspnazaret.pl\/index.php?rest_route=%2Fwp%2Fv2%2Fmedia&parent=7434"}],"wp:term":[{"taxonomy":"category","embeddable":true,"href":"https:\/\/kspnazaret.pl\/index.php?rest_route=%2Fwp%2Fv2%2Fcategories&post=7434"},{"taxonomy":"post_tag","embeddable":true,"href":"https:\/\/kspnazaret.pl\/index.php?rest_route=%2Fwp%2Fv2%2Ftags&post=7434"}],"curies":[{"name":"wp","href":"https:\/\/api.w.org\/{rel}","templated":true}]}}