{"id":10846,"date":"2026-04-30T12:59:55","date_gmt":"2026-04-30T10:59:55","guid":{"rendered":"https:\/\/kspnazaret.pl\/?p=10846"},"modified":"2026-04-30T13:01:19","modified_gmt":"2026-04-30T11:01:19","slug":"majowe-swieta","status":"publish","type":"post","link":"https:\/\/kspnazaret.pl\/?p=10846","title":{"rendered":"Majowe \u015bwi\u0119ta"},"content":{"rendered":"<p>[vc_row][vc_column][vc_column_text]<\/p>\n<p><img decoding=\"async\" class=\"wp-image-10849 alignleft\" style=\"width: 276px;\" src=\"https:\/\/kspnazaret.pl\/wp-content\/uploads\/2026\/04\/IMG_7599-scaled.jpeg\" alt=\"\" height=\"208\" srcset=\"https:\/\/kspnazaret.pl\/wp-content\/uploads\/2026\/04\/IMG_7599-scaled.jpeg 2560w, https:\/\/kspnazaret.pl\/wp-content\/uploads\/2026\/04\/IMG_7599-300x225.jpeg 300w, https:\/\/kspnazaret.pl\/wp-content\/uploads\/2026\/04\/IMG_7599-1024x768.jpeg 1024w, https:\/\/kspnazaret.pl\/wp-content\/uploads\/2026\/04\/IMG_7599-768x576.jpeg 768w, https:\/\/kspnazaret.pl\/wp-content\/uploads\/2026\/04\/IMG_7599-1536x1152.jpeg 1536w, https:\/\/kspnazaret.pl\/wp-content\/uploads\/2026\/04\/IMG_7599-2048x1536.jpeg 2048w\" sizes=\"(max-width: 2560px) 100vw, 2560px\" \/>Maj jest szczeg\u00f3lnym miesi\u0105cem w historii Polski. W pierwszych dniach tego miesi\u0105ca obchodzimy trzy wa\u017cne \u015bwi\u0119ta. <em>Pierwszego maja<\/em> &#8211; <strong>\u015awi\u0119to Pracy,<\/strong> <em>drugiego maja<\/em> &#8211; <strong>\u015awi\u0119to Flagi<\/strong> i <em>trzeciego maja<\/em> &#8211; <strong>Uroczysto\u015b\u0107 Matki Bo\u017cej Kr\u00f3lowej Polski i \u015awi\u0119to Konstytucji 3 Maja.<\/strong> Dnia 30 kwietnia w naszej szkole odby\u0142 si\u0119 uroczysty apel z okazji 235 rocznicy uchwalenia Konstytucji 3 Maja.\u00a0Uczniowie z klas pierwszych poprzez przygotowany monta\u017c s\u0142owno-muzyczny starali si\u0119 przybli\u017cy\u0107 wszystkim to wa\u017cne wydarzenie z historii naszego kraju.\u00a0 M\u0142odzi arty\u015bci zabrali spo\u0142eczno\u015b\u0107 szkoln\u0105 w podr\u00f3\u017c w czasie przez histori\u0119 naszego kraju, prezentuj\u0105c informacje dotycz\u0105ce uchwalenia tej wa\u017cnej dla naszego narodu konstytucji.<\/p>\n\n<p>Dzi\u0119kujemy wszystkim uczniom za ich zaanga\u017cowanie i wk\u0142ad w przygotowanie tej wyj\u0105tkowej uroczysto\u015bci. \u015awi\u0119to Konstytucji 3 Maja to nie tylko czas na refleksj\u0119 nad histori\u0105, ale tak\u017ce okazja do budowania wsp\u00f3lnoty i piel\u0119gnowania naszych warto\u015bci narodowych.<\/p>\n\n<p>W szkole nie zabrak\u0142o tak\u017ce okoliczno\u015bciowej gazetki, od\u015bwi\u0119tnych stroj\u00f3w i symboli narodowych \u2013 szko\u0142a \u201eton\u0119\u0142a\u201d w barwach bia\u0142o-czerwonych.<\/p>\n\n\n<figure class=\"wp-block-image size-large\"><img loading=\"lazy\" decoding=\"async\" width=\"1024\" height=\"768\" class=\"wp-image-10848\" src=\"https:\/\/kspnazaret.pl\/wp-content\/uploads\/2026\/04\/IMG_7590-1024x768.jpeg\" alt=\"\" srcset=\"https:\/\/kspnazaret.pl\/wp-content\/uploads\/2026\/04\/IMG_7590-1024x768.jpeg 1024w, https:\/\/kspnazaret.pl\/wp-content\/uploads\/2026\/04\/IMG_7590-300x225.jpeg 300w, https:\/\/kspnazaret.pl\/wp-content\/uploads\/2026\/04\/IMG_7590-768x576.jpeg 768w, https:\/\/kspnazaret.pl\/wp-content\/uploads\/2026\/04\/IMG_7590-1536x1152.jpeg 1536w, https:\/\/kspnazaret.pl\/wp-content\/uploads\/2026\/04\/IMG_7590-2048x1536.jpeg 2048w\" sizes=\"auto, (max-width: 1024px) 100vw, 1024px\" \/><\/figure>\n\n<p>&nbsp;<\/p>\n<p>[\/vc_column_text][\/vc_column][\/vc_row]<\/p>\n","protected":false},"excerpt":{"rendered":"<p>[vc_row][vc_column][vc_column_text] Maj jest szczeg\u00f3lnym miesi\u0105cem w historii Polski. W pierwszych dniach tego miesi\u0105ca obchodzimy trzy wa\u017cne \u015bwi\u0119ta. Pierwszego maja &#8211; \u015awi\u0119to Pracy, drugiego maja &#8211; \u015awi\u0119to Flagi i trzeciego maja &#8211; Uroczysto\u015b\u0107 Matki Bo\u017cej Kr\u00f3lowej Polski i \u015awi\u0119to Konstytucji 3 Maja. Dnia 30 kwietnia w naszej szkole odby\u0142 si\u0119 uroczysty apel z okazji 235 rocznicy [&hellip;]<\/p>\n","protected":false},"author":2,"featured_media":10847,"comment_status":"closed","ping_status":"closed","sticky":false,"template":"","format":"standard","meta":{"footnotes":""},"categories":[1],"tags":[],"class_list":["post-10846","post","type-post","status-publish","format-standard","has-post-thumbnail","hentry","category-bez-kategorii"],"_links":{"self":[{"href":"https:\/\/kspnazaret.pl\/index.php?rest_route=\/wp\/v2\/posts\/10846","targetHints":{"allow":["GET"]}}],"collection":[{"href":"https:\/\/kspnazaret.pl\/index.php?rest_route=\/wp\/v2\/posts"}],"about":[{"href":"https:\/\/kspnazaret.pl\/index.php?rest_route=\/wp\/v2\/types\/post"}],"author":[{"embeddable":true,"href":"https:\/\/kspnazaret.pl\/index.php?rest_route=\/wp\/v2\/users\/2"}],"replies":[{"embeddable":true,"href":"https:\/\/kspnazaret.pl\/index.php?rest_route=%2Fwp%2Fv2%2Fcomments&post=10846"}],"version-history":[{"count":2,"href":"https:\/\/kspnazaret.pl\/index.php?rest_route=\/wp\/v2\/posts\/10846\/revisions"}],"predecessor-version":[{"id":10851,"href":"https:\/\/kspnazaret.pl\/index.php?rest_route=\/wp\/v2\/posts\/10846\/revisions\/10851"}],"wp:featuredmedia":[{"embeddable":true,"href":"https:\/\/kspnazaret.pl\/index.php?rest_route=\/wp\/v2\/media\/10847"}],"wp:attachment":[{"href":"https:\/\/kspnazaret.pl\/index.php?rest_route=%2Fwp%2Fv2%2Fmedia&parent=10846"}],"wp:term":[{"taxonomy":"category","embeddable":true,"href":"https:\/\/kspnazaret.pl\/index.php?rest_route=%2Fwp%2Fv2%2Fcategories&post=10846"},{"taxonomy":"post_tag","embeddable":true,"href":"https:\/\/kspnazaret.pl\/index.php?rest_route=%2Fwp%2Fv2%2Ftags&post=10846"}],"curies":[{"name":"wp","href":"https:\/\/api.w.org\/{rel}","templated":true}]}}