{"id":10841,"date":"2026-04-30T12:19:50","date_gmt":"2026-04-30T10:19:50","guid":{"rendered":"https:\/\/kspnazaret.pl\/?p=10841"},"modified":"2026-04-30T13:01:51","modified_gmt":"2026-04-30T11:01:51","slug":"gala-laureatow-2","status":"publish","type":"post","link":"https:\/\/kspnazaret.pl\/?p=10841","title":{"rendered":"Gala laureat\u00f3w"},"content":{"rendered":"\n<p>28 kwietnia 2026 roku w <em>Centrum Kongresowym Targ\u00f3w Kielce<\/em> odby\u0142a si\u0119 uroczysta gala podsumowuj\u0105ca Wojew\u00f3dzkie Konkursy Przedmiotowe dla uczni\u00f3w szk\u00f3\u0142 podstawowych w roku szkolnym 2025\/2026. Wydarzenie stanowi\u0142o zwie\u0144czenie ca\u0142orocznych zmaga\u0144 uczni\u00f3w z wojew\u00f3dztwa \u015bwi\u0119tokrzyskiego oraz okazj\u0119 do uhonorowania ich osi\u0105gni\u0119\u0107 i pracy nauczycieli. Nasza szko\u0142\u0119 reprezentowa\u0142o dw\u00f3ch uczni\u00f3w, kt\u00f3rzy w tym roku osiagn\u0119li tytu\u0142 laureata &#8211; <strong>Michalina W. z biologii i Antoni P. z historii.<\/strong><\/p>\n\n\n\n<p><strong>Gratulujemy wielkiego sukcesu i \u017cyczymy dalszych&#8230;ju\u017c w szkole \u015bredniej \ud83d\ude42<\/strong> &#8211; <em>bo oboje s\u0105 ju\u017c z klasy 8<\/em><\/p>\n\n\n\n<figure class=\"wp-block-image size-large\"><img loading=\"lazy\" decoding=\"async\" width=\"768\" height=\"1024\" src=\"https:\/\/kspnazaret.pl\/wp-content\/uploads\/2026\/04\/IMG_3785-768x1024.jpg\" alt=\"\" class=\"wp-image-10843\" srcset=\"https:\/\/kspnazaret.pl\/wp-content\/uploads\/2026\/04\/IMG_3785-768x1024.jpg 768w, https:\/\/kspnazaret.pl\/wp-content\/uploads\/2026\/04\/IMG_3785-225x300.jpg 225w, https:\/\/kspnazaret.pl\/wp-content\/uploads\/2026\/04\/IMG_3785-1152x1536.jpg 1152w, https:\/\/kspnazaret.pl\/wp-content\/uploads\/2026\/04\/IMG_3785-1536x2048.jpg 1536w, https:\/\/kspnazaret.pl\/wp-content\/uploads\/2026\/04\/IMG_3785-scaled.jpg 1920w\" sizes=\"auto, (max-width: 768px) 100vw, 768px\" \/><\/figure>\n\n\n\n<p><\/p>\n\n\n\n<p><\/p>\n","protected":false},"excerpt":{"rendered":"<p>28 kwietnia 2026 roku w Centrum Kongresowym Targ\u00f3w Kielce odby\u0142a si\u0119 uroczysta gala podsumowuj\u0105ca Wojew\u00f3dzkie Konkursy Przedmiotowe dla uczni\u00f3w szk\u00f3\u0142 podstawowych w roku szkolnym 2025\/2026. Wydarzenie stanowi\u0142o zwie\u0144czenie ca\u0142orocznych zmaga\u0144 uczni\u00f3w z wojew\u00f3dztwa \u015bwi\u0119tokrzyskiego oraz okazj\u0119 do uhonorowania ich osi\u0105gni\u0119\u0107 i pracy nauczycieli. Nasza szko\u0142\u0119 reprezentowa\u0142o dw\u00f3ch uczni\u00f3w, kt\u00f3rzy w tym roku osiagn\u0119li tytu\u0142 laureata [&hellip;]<\/p>\n","protected":false},"author":2,"featured_media":10842,"comment_status":"closed","ping_status":"closed","sticky":false,"template":"","format":"standard","meta":{"footnotes":""},"categories":[1,107],"tags":[],"class_list":["post-10841","post","type-post","status-publish","format-standard","has-post-thumbnail","hentry","category-bez-kategorii","category-osiagniecia"],"_links":{"self":[{"href":"https:\/\/kspnazaret.pl\/index.php?rest_route=\/wp\/v2\/posts\/10841","targetHints":{"allow":["GET"]}}],"collection":[{"href":"https:\/\/kspnazaret.pl\/index.php?rest_route=\/wp\/v2\/posts"}],"about":[{"href":"https:\/\/kspnazaret.pl\/index.php?rest_route=\/wp\/v2\/types\/post"}],"author":[{"embeddable":true,"href":"https:\/\/kspnazaret.pl\/index.php?rest_route=\/wp\/v2\/users\/2"}],"replies":[{"embeddable":true,"href":"https:\/\/kspnazaret.pl\/index.php?rest_route=%2Fwp%2Fv2%2Fcomments&post=10841"}],"version-history":[{"count":2,"href":"https:\/\/kspnazaret.pl\/index.php?rest_route=\/wp\/v2\/posts\/10841\/revisions"}],"predecessor-version":[{"id":10845,"href":"https:\/\/kspnazaret.pl\/index.php?rest_route=\/wp\/v2\/posts\/10841\/revisions\/10845"}],"wp:featuredmedia":[{"embeddable":true,"href":"https:\/\/kspnazaret.pl\/index.php?rest_route=\/wp\/v2\/media\/10842"}],"wp:attachment":[{"href":"https:\/\/kspnazaret.pl\/index.php?rest_route=%2Fwp%2Fv2%2Fmedia&parent=10841"}],"wp:term":[{"taxonomy":"category","embeddable":true,"href":"https:\/\/kspnazaret.pl\/index.php?rest_route=%2Fwp%2Fv2%2Fcategories&post=10841"},{"taxonomy":"post_tag","embeddable":true,"href":"https:\/\/kspnazaret.pl\/index.php?rest_route=%2Fwp%2Fv2%2Ftags&post=10841"}],"curies":[{"name":"wp","href":"https:\/\/api.w.org\/{rel}","templated":true}]}}