{"id":10064,"date":"2025-05-24T16:54:59","date_gmt":"2025-05-24T14:54:59","guid":{"rendered":"https:\/\/kspnazaret.pl\/?p=10064"},"modified":"2025-05-24T16:58:00","modified_gmt":"2025-05-24T14:58:00","slug":"szkolne-wedrowanie","status":"publish","type":"post","link":"https:\/\/kspnazaret.pl\/?p=10064","title":{"rendered":"Szkolne w\u0119drowanie"},"content":{"rendered":"<p>[vc_row][vc_column][vc_column_text]<\/p>\r\n<p><img decoding=\"async\" class=\"wp-image-10068 alignleft\" style=\"width: 426px;\" src=\"https:\/\/kspnazaret.pl\/wp-content\/uploads\/2025\/05\/pobrane-1.jpg\" alt=\"\" height=\"216\" srcset=\"https:\/\/kspnazaret.pl\/wp-content\/uploads\/2025\/05\/pobrane-1.jpg 316w, https:\/\/kspnazaret.pl\/wp-content\/uploads\/2025\/05\/pobrane-1-300x152.jpg 300w\" sizes=\"(max-width: 316px) 100vw, 316px\" \/>W ramach projektu <em>Kreatywnie i z pasj\u0105 &#8211; inwestuj\u0119 w przysz\u0142o\u015b\u0107<\/em> uda\u0142o nam si\u0119 ju\u017c kilkakrotnie wyjecha\u0107 na wycieczki&#8230; mogli\u015bmy poza murami szko\u0142y pozna\u0107 ma\u0142o znane zakatki Polski. Trzeba przyzna\u0107, \u017ce nie trzeba szuka\u0107 daleko by odkry\u0107 i nauczy\u0107 si\u0119 czego\u015b nowego, a nade wszystko poby\u0107 razem \ud83d\ude42 a tak pisz\u0105 uczniowie o szkolnych wyjazdach:<\/p>\r\n\r\n<p>&#8222;Dnia 29 kwietnia 2025 roku klasy 7a i 7b wraz z nauczycielami wzi\u0119\u0142y udzia\u0142 w niezwykle pouczaj\u0105cej i inspiruj\u0105cej wycieczce do Umianowic i Pi\u0144czowa. Wyjazd odby\u0142 si\u0119 w ramach projektu \u201eKreatywnie i z pasj\u0105 \u2013 inwestuj\u0119 w przysz\u0142o\u015b\u0107\u201d. Pierwszym punktem naszej wycieczki by\u0142 O\u015brodek Edukacyjny w Umianowicach, w kt\u00f3rym czeka\u0142o na nas mn\u00f3stwo interesuj\u0105cych do\u015bwiadcze\u0144. Po przyje\u017adzie do O\u015brodka zostali\u015bmy podzieleni na trzy grupy, a nast\u0119pnie przyst\u0105pili\u015bmy do testu wst\u0119pnego, kt\u00f3ry pozwoli\u0142 oceni\u0107 nasz poziom wiedzy przed rozpocz\u0119ciem warsztat\u00f3w. Z entuzjazmem ruszyli\u015bmy zdobywa\u0107 nowe informacje i od razu wykorzystywa\u0107 je w praktyce podczas kolejnych zaj\u0119\u0107 tematycznych. Grupa, w kt\u00f3rej by\u0142am, rozpocz\u0119\u0142a od zaj\u0119\u0107 ekologicznych. Dowiedzieli\u015bmy si\u0119, jak istotna jest prawid\u0142owa segregacja odpad\u00f3w oraz jakie s\u0105 skutki nadmiernej konsumpcji. By\u0142o dla nas zaskoczeniem, ile wody potrzeba do produkcji jednego ubrania i jak d\u0142ugo rozk\u0142adaj\u0105 si\u0119 r\u00f3\u017cne materia\u0142y. To u\u015bwiadomi\u0142o nam, jak wa\u017cne s\u0105 codzienne wybory \u2013 na przyk\u0142ad u\u017cywanie toreb wielokrotnego u\u017cytku. Z zaanga\u017cowaniem malowali\u015bmy w\u0142asne torby ekologiczne, co okaza\u0142o si\u0119 nie tylko tw\u00f3rczym, ale i bardzo przyjemnym do\u015bwiadczeniem. Wsp\u00f3lne podziwianie gotowych prac sprawi\u0142o nam wiele rado\u015bci. Kolejna cz\u0119\u015b\u0107 programu dotyczy\u0142a \u017cycia pszcz\u00f3\u0142. Mieli\u015bmy okazj\u0119 wys\u0142ucha\u0107 ciekawej prelekcji o pracy tych owad\u00f3w i zobaczy\u0107, jak wygl\u0105da py\u0142ek pszczeli. Poznali\u015bmy r\u00f3\u017cnice mi\u0119dzy pszczo\u0142\u0105 miodn\u0105 a innymi gatunkami oraz dowiedzieli\u015bmy si\u0119, na czym polega apiterapia \u2013 czyli leczenie z wykorzystaniem produkt\u00f3w pszczelich, takich jak mi\u00f3d czy propolis. Ciekawym prze\u017cyciem by\u0142o dla nas samodzielne wykonanie \u015bwieczek z wosku pszczelego, kt\u00f3re mogli\u015bmy zabra\u0107 do domu jako pami\u0105tk\u0119. Trzeci blok tematyczny po\u015bwi\u0119cony by\u0142 gadom, p\u0142azom i zwierz\u0119tom wodnym. Z bliska obserwowali\u015bmy \u017c\u00f3\u0142wie, w\u0119\u017ce i \u017caby. Mogli\u015bmy przyjrze\u0107 si\u0119 ich zachowaniom oraz zobaczy\u0107, w jaki spos\u00f3b s\u0105 karmione. By\u0142a to doskona\u0142a okazja, by poszerzy\u0107 nasz\u0105 wiedz\u0119 przyrodnicz\u0105 w spos\u00f3b praktyczny i anga\u017cuj\u0105cy. Na zako\u0144czenie pobytu w Umianowicach weszli\u015bmy na wie\u017c\u0119 widokow\u0105. Z jej szczytu podziwiali\u015bmy pi\u0119kny krajobraz \u2013 starorzecza. Widok z wie\u017cy zrobi\u0142 na nas ogromne wra\u017cenie i pozwoli\u0142 doceni\u0107 pi\u0119kno przyrody Ponidzia. Mieli\u015bmy tak\u017ce mo\u017cliwo\u015b\u0107 zobaczenia ptak\u00f3w, m.in. jastrz\u0119bi i hodowli \u017c\u00f3\u0142wi. Na zako\u0144czenie ka\u017cdy z nas ponownie rozwi\u0105za\u0142 test wiedzy, aby sprawdzi\u0107, jak wiele si\u0119 nauczyli\u015bmy \u2013 wyniki jasno pokaza\u0142y, \u017ce czas sp\u0119dzony w O\u015brodku by\u0142 nie tylko ciekawy, ale przede wszystkim bardzo warto\u015bciowy. Nast\u0119pnie udali\u015bmy si\u0119 do Pi\u0144czowa, gdzie zwiedzili\u015bmy Muzeum Regionalne, ogl\u0105daj\u0105c eksponaty z czas\u00f3w II wojny \u015bwiatowej, epoki prehistorycznej oraz \u015bredniowiecza. Ka\u017cda wystawa by\u0142a okazj\u0105 do poznania historii regionu i refleksji nad przesz\u0142o\u015bci\u0105. Potem odwiedzili\u015bmy dawn\u0105 synagog\u0119. Jej wn\u0119trze, pi\u0119kne witra\u017ce oraz wystawa po\u015bwi\u0119cona spo\u0142eczno\u015bci \u017cydowskiej w Pi\u0144czowie zrobi\u0142y na nas du\u017ce wra\u017cenie. Poznali\u015bmy zwyczaje, tradycje i dzieje \u017byd\u00f3w zamieszkuj\u0105cych ten teren. Wycieczka by\u0142a dla nas nie tylko wspania\u0142\u0105 przygod\u0105, ale przede wszystkim okazj\u0105 do zdobycia nowej wiedzy i rozwini\u0119cia \u015bwiadomo\u015bci ekologicznej oraz historycznej. Wr\u00f3cili\u015bmy pe\u0142ni pozytywnych wra\u017ce\u0144, zainspirowani do dzia\u0142ania i gotowi, by z jeszcze wi\u0119kszym zaanga\u017cowaniem troszczy\u0107 si\u0119 o otaczaj\u0105cy nas \u015bwiat.&#8221;<\/p>\r\n\r\n<p>&#8222;Wycieczka do Umianowic i Pi\u0144czowa by\u0142a niezwykle interesuj\u0105ca i inspiruj\u0105ca. Dowiedzia\u0142y\u015bmy si\u0119 wielu nowych, ciekawych informacji na temat przyrody, ochrony \u015brodowiska oraz tego, jak prawid\u0142owo dba\u0107 o nasz\u0105 planet\u0119 i zwierz\u0119ta, kt\u00f3re na niej \u017cyj\u0105. Zaj\u0119cia u\u015bwiadomi\u0142y nam, jak wa\u017cna jest troska o natur\u0119 i jak wiele mo\u017cemy zrobi\u0107, aby j\u0105 chroni\u0107. Mieli\u015bmy tak\u017ce okazj\u0119 wyrazi\u0107 swoje ekologiczne przes\u0142ania poprzez ozdabianie materia\u0142owych, recyklingowych toreb, kt\u00f3re otrzymali\u015bmy p\u00f3\u017aniej w prezencie. By\u0142a to nie tylko kreatywna, ale i pouczaj\u0105ca zabawa \u2013 ka\u017cdy z nas m\u00f3g\u0142 przedstawi\u0107 na torbie to, co dla niego wa\u017cne w \u015bwiecie przyrody. Jednym z najbardziej zapadaj\u0105cych w pami\u0119\u0107 moment\u00f3w by\u0142o wej\u015bcie na wie\u017c\u0119 widokow\u0105. Mi\u0142a pani przewodnik zaprowadzi\u0142a nas na jej szczyt, sk\u0105d mogli\u015bmy podziwia\u0107 zapieraj\u0105ce dech w piersiach widoki na rzek\u0119 Nid\u0119 oraz malownicze pola pi\u0144czowskie. To do\u015bwiadczenie pozwoli\u0142o nam jeszcze bardziej doceni\u0107 pi\u0119kno otaczaj\u0105cej nas natury. Wycieczka by\u0142a nie tylko edukacyjna, ale tak\u017ce pe\u0142na pozytywnych emocji i wra\u017ce\u0144. Sp\u0119dzi\u0142y\u015bmy mi\u0142o czas w gronie r\u00f3wie\u015bnik\u00f3w, ucz\u0105c si\u0119 przez zabaw\u0119 i obserwacj\u0119. Z pewno\u015bci\u0105 na d\u0142ugo zapami\u0119tamy ten wyj\u0105tkowy dzie\u0144.&#8221;<\/p>\r\n\r\n<p>&#8222;W O\u015brodku Edukacji Przyrodniczej w Umianowicach zostali\u015bmy podzieleni\u00a0 na cztery mniejsze grupy, co pozwoli\u0142o nam aktywnie uczestniczy\u0107 w zaj\u0119ciach i lepiej przyswaja\u0107 wiedz\u0119. Uczestniczyli\u015bmy w kilku warsztatach, kt\u00f3re okaza\u0142y si\u0119 bardzo ciekawe i dostarczy\u0142y nam wielu niezapomnianych prze\u017cy\u0107. Na pierwszych zaj\u0119ciach poznali\u015bmy r\u00f3\u017cne gatunki pszcz\u00f3\u0142 i os, a tak\u017ce samodzielnie wykonali\u015bmy \u015bwieczki z wosku pszczelego. Pani Edukatorka w ciekawy spos\u00f3b opowiedzia\u0142a nam o \u017cyciu pszcz\u00f3\u0142, ich roli w przyrodzie i dlaczego s\u0105 tak niezwykle wa\u017cne \u2013 zar\u00f3wno dla \u015brodowiska, jak i dla ludzi. To by\u0142o bardzo fascynuj\u0105ce i u\u015bwiadomi\u0142o nam, jak wiele zawdzi\u0119czamy tym ma\u0142ym owadom. Na drugi warsztat zostali\u015bmy zaproszeni do pomieszczenia, w kt\u00f3rym znajdowa\u0142o si\u0119 ogromne akwarium z rybami oraz dwa terraria, zamieszkiwane przez \u017c\u00f3\u0142wie l\u0105dowe. Pan Edukator opowiada\u0142 nam nie tylko o \u017c\u00f3\u0142wiach, ale r\u00f3wnie\u017c o jadowitych w\u0119\u017cach \u017cyj\u0105cych w Polsce. Niekt\u00f3re informacje naprawd\u0119 nas zaskoczy\u0142y. Podczas trzeciego warsztatu mogli\u015bmy da\u0107 upust naszej kreatywno\u015bci \u2013 malowali\u015bmy ekologiczne torby, kt\u00f3re p\u00f3\u017aniej mogli\u015bmy zabra\u0107 ze sob\u0105 do domu. Pani Edukatorka zach\u0119ca\u0142a nas do rozmowy na temat segregowania odpad\u00f3w i codziennego dbania o \u015brodowisko. Wszyscy ch\u0119tnie odpowiadali na pytania, a nasze prace by\u0142y kolorowe, pomys\u0142owe i pe\u0142ne przes\u0142a\u0144 proekologicznych. Na zako\u0144czenie czeka\u0142 na nas pyszny, dwudaniowy obiad. Panie kucharki bardzo si\u0119 postara\u0142y \u2013 jedzenie by\u0142o smaczne i domowe, a po aktywnie sp\u0119dzonym dniu smakowa\u0142o jeszcze lepiej. Ca\u0142a wycieczka by\u0142a pe\u0142na niezapomnianych wra\u017ce\u0144. Nauczyli\u015bmy si\u0119 wielu nowych rzeczy, \u015bwietnie si\u0119 bawili\u015bmy i zintegrowali\u015bmy z kolegami i kole\u017cankami z klasy. Z pewno\u015bci\u0105 zapami\u0119tamy ten dzie\u0144 na d\u0142ugo jako po\u0142\u0105czenie nauki, zabawy i kontaktu z przyrod\u0105.&#8221;<\/p>\r\n\r\n<p>#<em>FunduszeUE<\/em><\/p>\r\n\r\n<p>#\u00a0<em>Kreatywnie i z pasj\u0105 \u2013 inwestuj\u0119 w przysz\u0142o\u015b\u0107<\/em><\/p>\r\n\r\n<p>#\u00a0<em>\u015awi\u0119tokrzyskie Centrum Innowacji i Transferu Technologii Sp o.o.<\/em><\/p>\r\n\r\n\r\n\r\n<p>&nbsp;<\/p>\r\n<p>[\/vc_column_text][\/vc_column][\/vc_row]<\/p>","protected":false},"excerpt":{"rendered":"<p>[vc_row][vc_column][vc_column_text] W ramach projektu Kreatywnie i z pasj\u0105 &#8211; inwestuj\u0119 w przysz\u0142o\u015b\u0107 uda\u0142o nam si\u0119 ju\u017c kilkakrotnie wyjecha\u0107 na wycieczki&#8230; mogli\u015bmy poza murami szko\u0142y pozna\u0107 ma\u0142o znane zakatki Polski. Trzeba przyzna\u0107, \u017ce nie trzeba szuka\u0107 daleko by odkry\u0107 i nauczy\u0107 si\u0119 czego\u015b nowego, a nade wszystko poby\u0107 razem \ud83d\ude42 a tak pisz\u0105 uczniowie o szkolnych [&hellip;]<\/p>\n","protected":false},"author":2,"featured_media":10111,"comment_status":"closed","ping_status":"closed","sticky":false,"template":"","format":"standard","meta":{"footnotes":""},"categories":[1],"tags":[],"class_list":["post-10064","post","type-post","status-publish","format-standard","has-post-thumbnail","hentry","category-bez-kategorii"],"_links":{"self":[{"href":"https:\/\/kspnazaret.pl\/index.php?rest_route=\/wp\/v2\/posts\/10064","targetHints":{"allow":["GET"]}}],"collection":[{"href":"https:\/\/kspnazaret.pl\/index.php?rest_route=\/wp\/v2\/posts"}],"about":[{"href":"https:\/\/kspnazaret.pl\/index.php?rest_route=\/wp\/v2\/types\/post"}],"author":[{"embeddable":true,"href":"https:\/\/kspnazaret.pl\/index.php?rest_route=\/wp\/v2\/users\/2"}],"replies":[{"embeddable":true,"href":"https:\/\/kspnazaret.pl\/index.php?rest_route=%2Fwp%2Fv2%2Fcomments&post=10064"}],"version-history":[{"count":4,"href":"https:\/\/kspnazaret.pl\/index.php?rest_route=\/wp\/v2\/posts\/10064\/revisions"}],"predecessor-version":[{"id":10110,"href":"https:\/\/kspnazaret.pl\/index.php?rest_route=\/wp\/v2\/posts\/10064\/revisions\/10110"}],"wp:featuredmedia":[{"embeddable":true,"href":"https:\/\/kspnazaret.pl\/index.php?rest_route=\/wp\/v2\/media\/10111"}],"wp:attachment":[{"href":"https:\/\/kspnazaret.pl\/index.php?rest_route=%2Fwp%2Fv2%2Fmedia&parent=10064"}],"wp:term":[{"taxonomy":"category","embeddable":true,"href":"https:\/\/kspnazaret.pl\/index.php?rest_route=%2Fwp%2Fv2%2Fcategories&post=10064"},{"taxonomy":"post_tag","embeddable":true,"href":"https:\/\/kspnazaret.pl\/index.php?rest_route=%2Fwp%2Fv2%2Ftags&post=10064"}],"curies":[{"name":"wp","href":"https:\/\/api.w.org\/{rel}","templated":true}]}}